{"id":5039,"date":"2023-06-30T17:26:00","date_gmt":"2023-06-30T17:26:00","guid":{"rendered":"https:\/\/www.saintremaclestavelot.be\/?p=5039"},"modified":"2023-06-30T17:26:00","modified_gmt":"2023-06-30T17:26:00","slug":"canal-3-2023-carnet-de-voyage","status":"publish","type":"post","link":"https:\/\/saintremaclestavelot.be\/secondaire\/canal-3-2023-carnet-de-voyage\/","title":{"rendered":"Canal 3 2023: Carnet de voyage"},"content":{"rendered":"\n<p>Le lundi 1 5 mai, 5 jours avant le d\u00e9part, trois \u00e9l\u00e8ves journalistes, accompagn\u00e9es de deux professeurs, \u00e9taient dans les studios d&rsquo;Impact FM, dans le cadre de l&rsquo;\u00e9mission \u00ab\u00a0Il est d\u00e9j\u00e0 08h08\u00a0\u00bb pour parler de Canal 3.<\/p>\n\n\n\n<p>Vous pouvez \u00e9couter cet entretien en cliquant <a href=\"https:\/\/www.facebook.com\/impactnewsmalmedy\/videos\/6327671363938214\"><em><strong>ICI<\/strong><\/em><\/a><\/p>\n\n\n\n<p><strong>Samedi 20 mai 2023: Stavelot &#8211; La Rochefoucauld (900 kms)<\/strong><\/p>\n\n\n\n<p>Le samedi 20 mai, t\u00f4t le matin, les \u00e9l\u00e8ves de 3\u00e8me, leurs professeurs et les accompagnants sont partis de Stavelot en car pour rejoindre la Charente, plus exactement \u00e0 La Rochefoucauld. Apr\u00e8s plus ou moins douze heures de trajet, ils sont arriv\u00e9s \u00e0 bon port&#8230;<\/p>\n\n\n\n<p>Le soir, apr\u00e8s s&rsquo;\u00eatre install\u00e9s et apr\u00e8s avoir mang\u00e9, ils ont particip\u00e9 \u00e0 la \u00ab\u00a0Soir\u00e9e Interclasse\u00a0\u00bb&#8230; Une soir\u00e9e qui s&rsquo;inspire des \u00ab\u00a0Jeux Intervilles\u00a0\u00bb (sans les vachettes, bien \u00e9videmment&#8230;) et o\u00f9 les diff\u00e9rentes classes s&rsquo;affrontent dans des \u00e9preuves souvent tr\u00e8s ludiques&#8230;<\/p>\n\n\n\n<p>Le lendemain matin, apr\u00e8s avoir visit\u00e9 le ch\u00e2teau de La Rochefoucauld, ils commenceront leur p\u00e9riple \u00e0 v\u00e9lo. Cette premi\u00e8re \u00e9tape, longue de 42 kilom\u00e8tres, reliera La Rochefoucauld \u00e0 Ruelle-sur-Touvre.<\/p>\n\n\n\n<p><strong>Dimanche 21 mai:\u00a0La Rochefoucauld &#8211; Ruelle-sur-Touvre: 42 kms<\/strong><\/p>\n\n\n\n<p>Comme tant attendu, voici enfin la grande aventure Canal 3 2023.<\/p>\n\n\n\n<p>Il y aura des hauts et des bas, mais cela reste une exp\u00e9rience \u00e0 tenter sans aucune h\u00e9sitation&nbsp;!<\/p>\n\n\n\n<p>Etes-vous<em> ready<\/em>&nbsp;pour ce voyage inoubliable ? C\u2019est par ici que \u00e7a commence&nbsp;!<\/p>\n\n\n\n<p>Lors de l\u2019aventure Canal 3, nous traversons le d\u00e9partement de la Charente qui se situe au sud-ouest de la France et \u00e0 l\u2019est de l\u2019oc\u00e9an Atlantique. Il est bord\u00e9 de 463km de c\u00f4tes et d\u2019un archipel d\u2019\u00eeles. Les touristes sont int\u00e9ress\u00e9s par ses plages et stations baln\u00e9aires, ses ports et ses villes charg\u00e9s d\u2019art.<\/p>\n\n\n\n<p>Peut-\u00eatre que vous vous demandez d\u2019o\u00f9 vient son nom&nbsp;? En fait, la Charente porte tout simplement le nom du fleuve qui la traverse.<\/p>\n\n\n\n<p>Le grand d\u00e9part de l\u2019\u00e9dition 2023 a eu lieu \u00e0 la Rochefoucauld qui se trouve dans ce d\u00e9partement. Dans cette ville se dresse un ch\u00e2teau assez connu surnomm\u00e9 ch\u00e2teau de Verteuil qui est un haut-lieu de la Renaissance, construit vers 1520, \u00e0 l\u2019emplacement d\u2019une forteresse f\u00e9odale du XI\u00e8me si\u00e8cle. C\u2019est celui-ci que nous avons visit\u00e9 ce matin. Les journalistes y ont pr\u00e9sent\u00e9 les pi\u00e8ces les plus importantes dont son escalier monumental.<\/p>\n\n\n\n<p>Par apr\u00e8s, nous sommes pass\u00e9s sur le gu\u00e9 romain de Vilhonneur qui est une forme de pont \u00e9troit constitu\u00e9 de blocs de pierre d\u2019une largeur de 50cm qui permet de traverser la rivi\u00e8re appel\u00e9 la Tardoire, \u00e0 pieds secs. Ce passage \u00e9tait tr\u00e8s glissant, mais personne n\u2019est tomb\u00e9 \u00e0 l\u2019eau&nbsp;!<\/p>\n\n\n\n<p>Pour se motiver, c\u2019est en chantant que le groupe a d\u00e9couvert les sources de la Touvre. Elles sont situ\u00e9es sur la commune de Touvre dans le grand Angoul\u00eame. C\u2019est la deuxi\u00e8me r\u00e9surgence de France, avec un d\u00e9bit annuel moyen de 16 m3 par seconde.<\/p>\n\n\n\n<p>Pour finir cette \u00e9tape de 42 km, nous sommes arriv\u00e9s \u00e0 Ruelle-sur-Touvre qui nous accueille pour la soir\u00e9e talents de ce soir et y dormir avant l\u2019\u00e9tape de demain.<\/p>\n\n\n\n<p>Voil\u00e0 comment s\u2019est d\u00e9roul\u00e9e notre premi\u00e8re journ\u00e9e \u00e0 v\u00e9lo.<\/p>\n\n\n\n<p>A tr\u00e8s vite pour la suite de nos aventures&nbsp;\ud83d\ude0a<\/p>\n\n\n\n<p>N&rsquo;oubliez pas d&rsquo;aller voir nos photos dans la partie \u00ab\u00a0photos\u00a0\u00bb du site&#8230; Cliquez sur la loupe, et pas sur l&rsquo;intitul\u00e9&#8230;<\/p>\n\n\n\n<p><strong>Lundi 22 mai:\u00a0Ruelle-sur-Touvre &#8211; Segonzac (62kms)<\/strong><\/p>\n\n\n\n<p>Ce matin, trois \u00e9l\u00e8ves journalistes (Louise, Juliette et Marie de 3D) sont pass\u00e9es en direct sur Impact FM. Vous pouvez &nbsp;r\u00e9\u00e9couter l&rsquo;intervention en cliquant <a href=\"https:\/\/www.facebook.com\/impactnewsmalmedy\/videos\/769122414590715\/\"><em><strong>ici<\/strong><\/em><\/a><\/p>\n\n\n\n<p>Hol\u00e0 ! Et nous voici pour cette 2\u00e8me \u00e9tape de notre Canal 3 2023 ! Dans cette \u00e9tape, nous sommes all\u00e9s \u00e0 la rencontre des Daltons fuyant Lucky Luke sur les murs peints d\u2019Angoul\u00eame, puis nous avons travers\u00e9 diff\u00e9rents endroits tels que Ch\u00e2teauneuf-sur-Charente, le Pays du Pineau des Charentes ainsi que S\u00e9gonzac.<\/p>\n\n\n\n<p>La ville d&rsquo;Angoul\u00eame, o\u00f9 nous sommes pass\u00e9s en premier, est dot\u00e9e de plus d\u2019une trentaine de murs peints qui subliment la ville en d\u00e9montrant que l\u2019univers de la BD dialogue avec son architecture et son patrimoine.<\/p>\n\n\n\n<p>Nous imaginons que vous vous en doutez, il y a donc bien s\u00fbr un mus\u00e9e de la BD \u00e0 Angoul\u00eame qui s\u2019\u00e9tend sur une surface de 1300m2 et renferme une collection unique.<\/p>\n\n\n\n<p>La magnifique Cath\u00e9drale Saint-Pierre d\u2019Angoul\u00eame, construite au cours du IVe si\u00e8cle et de style dominant roman, est consacr\u00e9e \u00e0 Saint-Saturnin. Nous l\u2019avons d\u2019ailleurs aper\u00e7ue et y avons fait une photo de classe.<\/p>\n\n\n\n<p>Par la suite, nous avons moulin\u00e9 dans les quelques c\u00f4tes qui se trouvaient sur notre chemin, sous un soleil tapant.<\/p>\n\n\n\n<p>Ch\u00e2teauneuf-sur-Charente que nous avons travers\u00e9 en second lieu et que vous ne connaissez peut-\u00eatre pas encore, est une commune du sud-ouest de la France situ\u00e9e au c\u0153ur du vignoble charentais.<\/p>\n\n\n\n<p>C\u2019est d\u2019ailleurs le pays du Pineau des Charentes que nous avons parcouru et qui est tr\u00e8s connu pour son ap\u00e9ritif naturel con\u00e7u \u00e0 partir de mo\u00fbt de raisin frais que l\u2019on m\u00e9lange avec de l\u2019eau-de-vie de cognac : le Pineau des Charentes.<\/p>\n\n\n\n<p>Pour terminer cette magnifique \u00e9tape, nous sommes arriv\u00e9s \u00e0 Segonzac qui est la capitale de la Grande-Champagne, le premier cru du cognac, et qui nous accueille pour la soir\u00e9e \u00ab&nbsp;Melting Pot&nbsp;\u00bb et une bonne nuit, bien m\u00e9rit\u00e9e&nbsp;!<\/p>\n\n\n\n<p>Sur ce, nous allons profiter de notre soir\u00e9e et nous nous retrouvons demain&nbsp;!<\/p>\n\n\n\n<p>Les journalistes de 3E<\/p>\n\n\n\n<p><strong>Mardi 23 mai:\u00a0Segonzac &#8211; Saint-Savinien (82kms)<\/strong><\/p>\n\n\n\n<p>Salut tout le monde,<\/p>\n\n\n\n<p>Ce matin, les \u00e9l\u00e8ves journalistes de 3E (Lo\u00efc, Solenn et Manon) sont pass\u00e9s sur Impact FM pour raconter l&rsquo;\u00e9tape v\u00e9cue la veille. R\u00e9\u00e9coutez leur intervention en cliquant <a href=\"https:\/\/www.facebook.com\/impactnewsmalmedy\/videos\/573332548217891\/\"><em><strong>ici<\/strong><\/em><\/a><\/p>\n\n\n\n<p>Nous allons vous expliquer la 3\u00e8me \u00e9tape et la plus longue de Canal 3 2023.<\/p>\n\n\n\n<p>Nous avons d\u00e9marr\u00e9 de Segonzac, puis nous sommes pass\u00e9s par la ville de Saintes pour enfin arriver \u00e0&nbsp;Saint-Savinien.<\/p>\n\n\n\n<p>La ville de Saintes se situe dans le centre-est du d\u00e9partement de la Charente-Maritime. Elle s\u2019\u00e9tend sur un total de 44,55 km\u00b2 et compte environ 25 000 habitants. C&rsquo;est la capitale de Saintonge. La ville de Saintes s\u2019est enrichie d\u2019un remarquable patrimoine arch\u00e9ologique et monumental, de l\u2019antiquit\u00e9 jusqu\u2019au XIX\u00e8me si\u00e8cle.<\/p>\n\n\n\n<p>A Saintes, nous avons d\u00e9couvert la cath\u00e9drale, sommes pass\u00e9s dans le centre-ville sur des pav\u00e9s qui nous ont fait penser \u00e0 Stavelot et avons \u00e9galement aper\u00e7u l\u2019arc de triomphe de Germanicus.<\/p>\n\n\n\n<p>Nous avons \u00e9galement roul\u00e9 dans un parc dans lequel se trouvaient beaucoup de cigognes.<\/p>\n\n\n\n<p>Nous avons travers\u00e9 beaucoup de champs de vignes o\u00f9 il y avaient des tr\u00e8s beaux coquelicots, nous y avons eu assez difficile au d\u00e9but puis nous avons roul\u00e9 sur du tarmac. Nos roues \u00e9taient souvent bloqu\u00e9es par la boue, mais nous avons gard\u00e9 le sourire. La journ\u00e9e s\u2019est bien pass\u00e9e sous un ciel ensoleill\u00e9 et un l\u00e9ger vent rafraichissant.<\/p>\n\n\n\n<p>Nous avons fini cette \u00e9tape \u00e0 Saint-Savinien, une commune du sud-ouest de la France qui contient environ 2 000 habitants. Cette commune domine le fleuve Charente de son \u00e9peron de roche calcaire dans l\u2019ext\u00e9rieur d\u2019une boucle. Notre soir\u00e9e se termine par l\u2019\u00e9criture des cartes postales pour les proches et puis une bonne nuit de sommeil&nbsp;!<\/p>\n\n\n\n<p>A demain&nbsp;!<\/p>\n\n\n\n<p>Les journalistes de 3B<\/p>\n\n\n\n<p><strong>Mercredi 24 mai:\u00a0Saint-Savinien &#8211; Soubise (64kms)<\/strong><\/p>\n\n\n\n<p>Ce matin , les \u00e9l\u00e8ves journalistes de 3B (Ana\u00efs et Zo\u00e9) ont racont\u00e9 leur \u00e9tape sur Impact FM. Ecoutez <a href=\"https:\/\/www.facebook.com\/impactnewsmalmedy\/videos\/987571945567757\/\"><em><strong>ici&#8230;<\/strong><\/em><\/a><\/p>\n\n\n\n<p>Nous avons commenc\u00e9 cette \u00e9preuve de 64km en d\u00e9marrant de Saint-Savinien o\u00f9 nous avons termin\u00e9 l\u2019\u00e9tape d\u2019hier. Nous sommes pass\u00e9s par les anciennes carri\u00e8res de Crazannes. Elles offrent un paysage surprenant dans lesquelles il y avait des pierres avec des gorges \u00e9troites et beaucoup de v\u00e9g\u00e9tation. La pierre blanche extraite pendant 2000 ans de ces carri\u00e8res a servi \u00e0 la restauration du Fort Boyard.<\/p>\n\n\n\n<p>Nous y avons vu les Lapidiales qui sont des sculptures dans la roche des carri\u00e8res. Apr\u00e8s cette visite, nous avons pris une photo de tous les 3\u00e8mes et les adultes accompagnants avec un drone (Voir dans la partie \u00ab\u00a0Photos\u00a0\u00bb du site).<\/p>\n\n\n\n<p>Ensuite, nous sommes pass\u00e9s pr\u00e8s de Tonnay-Charente, dans le d\u00e9partement de la Charente Maritime au sud-ouest de la France. A partir de l\u00e0, nous avons emprunt\u00e9 des chemins \u00e9troits et boueux avec des racines, ce qui nous a demand\u00e9 beaucoup d\u2019efforts. Ceux-ci ont pay\u00e9 car ils nous ont permis de rejoindre Soubise sans \u00e9gratignure.<\/p>\n\n\n\n<p>La commune de Soubise est situ\u00e9e dans l&rsquo;Ouest de la France. Cette commune est long\u00e9e uniquement sur sa rive gauche par la Charente et se trouve \u00e0 l\u2019estuaire de la Charente.<\/p>\n\n\n\n<p>En arrivant, nous sommes all\u00e9s chercher nos bagages, avons pris une douche bien m\u00e9rit\u00e9e et avons mang\u00e9 une bonne pa\u00eblla.<\/p>\n\n\n\n<p>Ce soir, c\u2019est soir\u00e9e \u00ab&nbsp;cin\u00e9-matelas&nbsp;\u00bb et puis hop, au lit&nbsp;!<\/p>\n\n\n\n<p>A demain&nbsp;!<\/p>\n\n\n\n<p>Les journalistes de 3C<\/p>\n\n\n\n<p><strong>Jeudi 25 mai:\u00a0Soubise &#8211; Bourcefranc-le-Chapus (60kms)<\/strong><\/p>\n\n\n\n<p>Ce matin , les \u00e9l\u00e8ves de 3C (Victor et Paula) sont intervenus sur Impact FM. R\u00e9\u00e9coutez leur intervention <a href=\"https:\/\/www.facebook.com\/impactnewsmalmedy\/videos\/1409929629839935\/\"><em><strong>ici<\/strong><\/em><\/a>.<\/p>\n\n\n\n<p>Hello tout le monde&nbsp;! Aujourd\u2019hui, nous avons parcouru l\u2019avant-derni\u00e8re \u00e9tape de 60 km pour rejoindre Bourcefranc-le-Chapus o\u00f9 nous sommes pass\u00e9s par&nbsp;:<\/p>\n\n\n\n<p>La Passe aux b\u0153ufs, qui est un tombolo (cordon littoral) renforc\u00e9e d\u2019une chauss\u00e9e submersible ce qui veut dire qu\u2019\u00e0 certains moments de la journ\u00e9e, elle est submerg\u00e9e par la mer. Elle relie l\u2019ile Madame au Ports-des-Barques. Nous n\u2019avons malheureusement pas pu visiter l\u2019\u00eele car nous \u00e9tions \u00e0 mar\u00e9e haute. Par contre, nous avons pu apercevoir les carrelets. Ce sont des cabanes de p\u00eacheur qui se trouvent au-dessus de l\u2019eau.<\/p>\n\n\n\n<p>Ensuite, Nous avons travers\u00e9 la Reserve naturelle de Mo\u00ebze qui est un espace prot\u00e9g\u00e9 d\u2019une surface de 6400 hectares. Cet endroit prot\u00e8ge les milieux littoraux, les prairies et les pr\u00e9s-sal\u00e9s. Lors de la travers\u00e9e, bous avons d\u00fb garder le silence car les oiseaux \u00e9taient en pleine nidification.<\/p>\n\n\n\n<p>Apr\u00e8s cela, nous avons rejoint la place forte de Brouage qui est l\u2019avant-port du village de Hiers ancienne commune fran\u00e7aise. Les remparts de Brouage sont un des fortifications b\u00e2ties au XVIIe si\u00e8cle autour de la place-forte de Brouage. Ils ont \u00e9t\u00e9 class\u00e9s au titre des monuments historiques en 1886. Nous avons pu nous installer en terrasse pour manger une glace.<\/p>\n\n\n\n<p>Nous sommes ensuite pass\u00e9s au Port de Marennes qui est un cite touristique. Dans ce port de plaisance, on y r\u00e9colte des huitres et il se situe sur la rive droite de la Seudre qui un fleuve fran\u00e7ais.<\/p>\n\n\n\n<p>Pour finir nous sommes arriv\u00e9s \u00e0 Bourcefranc-le-Chapus qui est une commune de Charente-Maritime. N\u00e9e en 1908 de la fusion de plusieurs hameaux dont les deux principaux sont <em>Bourcefranc<\/em> et <em>Le Chapus<\/em> \u2014, elle n&rsquo;en poss\u00e8de pas moins une riche histoire et un patrimoine urbain et maritime.<\/p>\n\n\n\n<p>Canal 3 n\u2019est pas encore termin\u00e9, mais cette \u00e9tape \u00e9tait tr\u00e8s encourageante pour la suite. Maintenant, nous avons h\u00e2te d\u2019\u00eatre demain pour profiter de notre derni\u00e8re journ\u00e9e d\u2019aventure.<\/p>\n\n\n\n<p>Les journalistes de 3A.<\/p>\n\n\n\n<p><strong>Vendredi 26 mai:\u00a0(\u00e9tape finale) Ile d\u2019Ol\u00e9ron<\/strong><\/p>\n\n\n\n<p>Ce matin, les \u00e9l\u00e8ves journalistes de 3A (Ana\u00efs, Lila, R\u00e9my et Priscillia) sont intervenus sur Impact FM. R\u00e9\u00e9coutez leur intervention <a href=\"https:\/\/www.facebook.com\/impactnewsmalmedy\/videos\/1178708096156651\/\"><em><strong>ici<\/strong><\/em><\/a>.<\/p>\n\n\n\n<p>Ca y est! Aujourd&rsquo;hui marquait la fin du p\u00e9riple Canal 3 2023. Les \u00e9l\u00e8ves se sont r\u00e9veill\u00e9s tr\u00e8s t\u00f4t ce matin pour prendre les cars qui les menaient sur l&rsquo;\u00eele d&rsquo;Ol\u00e9ron, \u00e0 30 minutes de leur endroit de logement.<\/p>\n\n\n\n<p>Cette \u00e9tape, longue de 35 kilom\u00e8tres, permettait aux \u00e9l\u00e8ves de d\u00e9couvrir diff\u00e9rentes parties de l&rsquo;\u00eele. Elle a commenc\u00e9 sur la c\u00f4te ouest, plus sauvage pour rejoindre au nord de l&rsquo;\u00eele le phare de Chassiron. Ensuite, ils ont long\u00e9 la c\u00f4te Est jusque Boyardville, en passant par la for\u00eat des Saumonards.<\/p>\n\n\n\n<p>3 kilom\u00e8tres avant l&rsquo;arriv\u00e9e, les classes se sont r\u00e9unies en peloton pour parcourir ensemble la fin de l&rsquo;\u00e9tape. Apr\u00e8s une arriv\u00e9e explosive sur la plage, ils ont pu profiter de cette magnifique m\u00e9t\u00e9o pour se pr\u00e9lasser au soleil.<\/p>\n\n\n\n<p>Apr\u00e8s trois heures de d\u00e9tente, ils ont repris les cars pour retrouver le logement \u00e0 Bourcefranc-le-Chapus.<\/p>\n\n\n\n<p>Ce soir, ils vont vivre la derni\u00e8re soir\u00e9e, une soir\u00e9e dansante, histoire de f\u00eater leur exploit accompli&#8230;<\/p>\n\n\n\n<p><strong>Samedi 27 mai: Bourcefranc-le-Chapus &#8211; Stavelot (1000 kms)<\/strong><\/p>\n","protected":false},"excerpt":{"rendered":"<p>Le lundi 1 5 mai, 5 jours avant le d\u00e9part, trois \u00e9l\u00e8ves journalistes, accompagn\u00e9es de deux professeurs, \u00e9taient dans les studios d&rsquo;Impact FM, dans le cadre de l&rsquo;\u00e9mission \u00ab\u00a0Il est d\u00e9j\u00e0 08h08\u00a0\u00bb pour parler de Canal 3. Vous pouvez \u00e9couter cet entretien en cliquant ICI Samedi 20 mai 2023: Stavelot &#8211; La Rochefoucauld (900 kms) [&hellip;]<\/p>\n","protected":false},"author":2,"featured_media":5040,"comment_status":"closed","ping_status":"closed","sticky":false,"template":"","format":"standard","meta":{"iawp_total_views":27,"footnotes":""},"categories":[9],"tags":[],"class_list":["post-5039","post","type-post","status-publish","format-standard","has-post-thumbnail","hentry","category-canal3"],"_links":{"self":[{"href":"https:\/\/saintremaclestavelot.be\/secondaire\/wp-json\/wp\/v2\/posts\/5039","targetHints":{"allow":["GET"]}}],"collection":[{"href":"https:\/\/saintremaclestavelot.be\/secondaire\/wp-json\/wp\/v2\/posts"}],"about":[{"href":"https:\/\/saintremaclestavelot.be\/secondaire\/wp-json\/wp\/v2\/types\/post"}],"author":[{"embeddable":true,"href":"https:\/\/saintremaclestavelot.be\/secondaire\/wp-json\/wp\/v2\/users\/2"}],"replies":[{"embeddable":true,"href":"https:\/\/saintremaclestavelot.be\/secondaire\/wp-json\/wp\/v2\/comments?post=5039"}],"version-history":[{"count":0,"href":"https:\/\/saintremaclestavelot.be\/secondaire\/wp-json\/wp\/v2\/posts\/5039\/revisions"}],"wp:featuredmedia":[{"embeddable":true,"href":"https:\/\/saintremaclestavelot.be\/secondaire\/wp-json\/wp\/v2\/media\/5040"}],"wp:attachment":[{"href":"https:\/\/saintremaclestavelot.be\/secondaire\/wp-json\/wp\/v2\/media?parent=5039"}],"wp:term":[{"taxonomy":"category","embeddable":true,"href":"https:\/\/saintremaclestavelot.be\/secondaire\/wp-json\/wp\/v2\/categories?post=5039"},{"taxonomy":"post_tag","embeddable":true,"href":"https:\/\/saintremaclestavelot.be\/secondaire\/wp-json\/wp\/v2\/tags?post=5039"}],"curies":[{"name":"wp","href":"https:\/\/api.w.org\/{rel}","templated":true}]}}