{"id":5036,"date":"2022-06-30T16:10:00","date_gmt":"2022-06-30T16:10:00","guid":{"rendered":"https:\/\/www.saintremaclestavelot.be\/?p=5036"},"modified":"2024-05-28T09:53:39","modified_gmt":"2024-05-28T07:53:39","slug":"canal-3-2022-carnet-de-voyage","status":"publish","type":"post","link":"https:\/\/saintremaclestavelot.be\/secondaire\/canal-3-2022-carnet-de-voyage\/","title":{"rendered":"Canal 3 2022: Carnet de voyage"},"content":{"rendered":"\n<p>Voici le carnet de voyage de ce Canal 3 2022, \u00e9dition exceptionnelle dans notre belle r\u00e9gion vallonn\u00e9e, apr\u00e8s deux ans d&rsquo;arr\u00eat forc\u00e9.<\/p>\n\n\n\n<p><em>(Les articles ont \u00e9t\u00e9 r\u00e9dig\u00e9s par les \u00e9l\u00e8ves journalistes de chaque classe)<\/em><\/p>\n\n\n\n<p>Deux semaines avant le d\u00e9part, les \u00e9l\u00e8ves journalistes participaient \u00e0 l&rsquo;\u00e9mission&nbsp;<em>\u00ab\u00a0Il est d\u00e9j\u00e0 08h08\u00a0\u00bb, le<\/em>&nbsp;lundi 30 mai 2022 sur la radio locale <em>Impact FM<\/em>. Patrick Desart interviewait Arnaud Schillewaert et les \u00e9l\u00e8ves du Coll\u00e8ge Saint-Remacle de Stavelot Nina, C\u00e9dric &amp; Harry \u00e0 l&rsquo;occasion de la 27 \u00e8me \u00e9dition de CANAL 3<\/p>\n\n\n\n<p>Pour \u00e9couter cette intervention, cliquez&nbsp;<a href=\"https:\/\/www.facebook.com\/impactnewsmalmedy\/videos\/695456061719038\"><em><strong>ICI<\/strong><\/em><\/a><\/p>\n\n\n\n<p><strong>Samedi 11: Prologue (22kms): Stavelot &#8211; Coo &#8211; Stavelot<\/strong><\/p>\n\n\n\n<p>Ca y est! Apr\u00e8s deux ans d\u2019absence, les \u00e9l\u00e8ves de troisi\u00e8me ann\u00e9e du Coll\u00e8ge Saint-Remacle de Stavelot ont enfin enfourch\u00e9 leurs v\u00e9los pour entamer cette nouvelle \u00e9dition 2022 de Canal 3.<\/p>\n\n\n\n<p>Ils sont arriv\u00e9s ce matin \u00e0 10h30 au Coll\u00e8ge. Ils ont d\u00e9pos\u00e9 leurs v\u00e9los, rang\u00e9 leurs bagages et dit \u00ab&nbsp;au revoir&nbsp;\u00bb \u00e0 leurs parents.<\/p>\n\n\n\n<p>Apr\u00e8s ces moments \u00ab&nbsp;douloureux&nbsp;\u00bb de s\u00e9paration, ils se sont r\u00e9unis, par classe, avec les professeurs titulaires pour que ces derniers leur expliquent les derni\u00e8res consignes.<\/p>\n\n\n\n<p>Vers midi, ils ont mang\u00e9 le pique-nique dans la cour de l\u2019\u00e9cole, puis ils ont suivi un briefing s\u00e9curit\u00e9.<\/p>\n\n\n\n<p>Les classes se sont lanc\u00e9es dans une premi\u00e8re \u00e9tape \u00ab&nbsp;prologue&nbsp;\u00bb longue de 22 kilom\u00e8tres.<\/p>\n\n\n\n<p>Ils sont partis de Stavelot en prenant le ravel en direction de Trois-Ponts. En passant par des petits chemins VTT, ils sont arriv\u00e9s jusqu&rsquo;\u00e0 Coo. Ensuite, ils ont pris le chemin jusqu&rsquo;au premier logement (que l&rsquo;on garde toujours secret&#8230; Vous en saurez plus demain&#8230;).<\/p>\n\n\n\n<p>Une fois arriv\u00e9s, ils ont pris leurs douches et ont particip\u00e9 \u00e0 des activit\u00e9s en lien avec leurs r\u00f4les respectifs (signaleur, m\u00e9cano,&#8230;). A 19h00, ils sont all\u00e9s manger des bonnes lasagnes pr\u00e9par\u00e9es par notre \u00e9quipe de cuistots.<\/p>\n\n\n\n<p>Et \u00e0 l&rsquo;heure actuelle, ils profitent de leur premi\u00e8re soir\u00e9e: la soir\u00e9e interclasse (bas\u00e9e sur les jeux intervilles). Bref, chaque classe s&rsquo;affronte dans des \u00e9preuves amusantes&#8230;<\/p>\n\n\n\n<p>Apr\u00e8s cette soir\u00e9e, ils auront l&rsquo;occasion de visionner les plus belles photos de la journ\u00e9e avant une bonne de repos bien m\u00e9rit\u00e9.<\/p>\n\n\n\n<p><strong>Dimanche 12: Baraque Fraiture &#8211; Bellevaux (45 kms)<\/strong><\/p>\n\n\n\n<p>Le premier jour, le samedi 11 juin, nous avons termin\u00e9 notre prologue en arrivant dans notre charmante \u00e9cole. Le soir, nous avons pu manger d&rsquo;excellentes lasagnes confectionn\u00e9es par nos chefs cuisiniers et nous avons ensuite particip\u00e9 \u00e0 des jeux interclasses. Les classes se sont affront\u00e9es dans des mini-jeux. Cette soir\u00e9e a \u00e9t\u00e9 assez amusante et divertissante. Finalement, nous avons dormi dans notre hall omnisports.<\/p>\n\n\n\n<p>Le lendemain matin, ce dimanche 12 juin, les professeurs nous ont r\u00e9veill\u00e9s vers six heures. Nous nous sommes ensuite pr\u00e9par\u00e9s \u00e0 partir. Nous avons d\u00e9jeun\u00e9 \u00e0 la cantine et avons ensuite pr\u00e9par\u00e9 notre pique-nique. Puis, nous avons pris le car pour nous rendre \u00e0 la Baraque Fraiture o\u00f9 nous avons commenc\u00e9 notre \u00e9tape. Oui, nous avions le privil\u00e8ge de commencer en premier ce Canal 3 dans nos contr\u00e9es.<\/p>\n\n\n\n<p>Nous avons entam\u00e9 notre balade sans aucun accroc, la m\u00e9t\u00e9o \u00e9tait vraiment magnifique, ce qui nous a permis d&rsquo;avancer rapidement et ais\u00e9ment. Apr\u00e8s quelques kilom\u00e8tres, nous avons d\u00fb nous arr\u00eater pour une petite chute. Mais nous sommes repartis de plus bel. Nous avons rencontr\u00e9 quelques chemins o\u00f9 nous avons eu quelques p\u00e9rip\u00e9ties anecdotiques.<\/p>\n\n\n\n<p>Notre itin\u00e9raire est pass\u00e9 par Regn\u00e9 o\u00f9 nous avons fait une pause, histoire de reprendre des forces. Nous avons ensuite long\u00e9 Salmchateau pour nous diriger vers Vielsalm. Nous nous sommes arr\u00eat\u00e9s \u00e0 c\u00f4t\u00e9 d&rsquo;un terrain de foot \u00e0 Recht pour d\u00eener. Apr\u00e8s, nous avons pu nous amuser un peu. Cumulets acrobatiques, courses fantaisistes et de bonnes tranches de rire.<\/p>\n\n\n\n<p>En direction de Bellevaux, on est pass\u00e9s par Pont, Ligneuville enchainant les sentiers empierr\u00e9s, les sentes \u00e9troites et m\u00eame des Ravel asphalt\u00e9s pour ensuite arriver \u00e0 destination. Nous avons pris une douche et souper, d&rsquo;excellentes boulettes sauce chasseur accompagn\u00e9es de frites et de compote&#8230; Un d\u00e9lice !!!<\/p>\n\n\n\n<p>Ce soir, c&rsquo;est une soir\u00e9e \u00ab\u00a0Danse Folk\u00a0\u00bb qui nous attend&#8230; Plus de nouvelles demain ! \ud83d\ude09<\/p>\n\n\n\n<p><strong>Lundi 13 juin: M\u00fctzenich (DE) &#8211; Monschau (DE) &#8211; Sourbroodt &#8211; Malmedy (45 kms) + marche vers Bellevaux (5 kms)<\/strong><\/p>\n\n\n\n<p>Ce matin, les \u00e9l\u00e8ves journalistes de 3C sont pass\u00e9s \u00e0 la radio. Vous pouvez r\u00e9\u00e9couter leur intervention en cliquant <a href=\"https:\/\/www.facebook.com\/impactnewsmalmedy\/videos\/996527571045076\"><em><strong>ici<\/strong><\/em><\/a><\/p>\n\n\n\n<p>Apr\u00e8s une nuit tourment\u00e9e par la fraicheur de l&rsquo;air et apr\u00e8s avoir pris un super petit d\u00e9jeuner, nous avons pris les diff\u00e9rents cars nous amenant \u00e0 seulement 300 m\u00e8tres de la fronti\u00e8re allemande.<\/p>\n\n\n\n<p>Nous nous sommes alors dirig\u00e9s vers la Vennbahn avant de prendre un sentier situ\u00e9 juste \u00e0 cot\u00e9 d&rsquo;un cours d&rsquo;eau, la Rur. Nous sommes alors arriv\u00e9s dans une petite ville organis\u00e9e autour de ce fleuve: Montjoie (Monschau).<\/p>\n\n\n\n<p>Dans cet endroit, nous avons fait notre premi\u00e8re pause et nous avons visit\u00e9&nbsp;ce lieu. Apr\u00e8s cela, nous avons continu\u00e9 \u00e0 rouler notamment \u00e0 Sourbrodt.<\/p>\n\n\n\n<p>Nous avons travers\u00e9 le pont situ\u00e9 au-dessus du Lac de Robertville, et cela \u00e0 pied pour plus de s\u00e9curit\u00e9. Nous avons alors continu\u00e9 notre p\u00e9riple jusqu&rsquo;\u00e0 Malmedy, l\u00e0 o\u00f9 nous avons troqu\u00e9 notre v\u00e9lo pour nos petites pattes et cela, pour une marche de cinq kilom\u00e8tres afin de revenir \u00e0 notre campement.<\/p>\n\n\n\n<p>L&rsquo;\u00e9tape du jour ajoute 42 kilom\u00e8tres (et cinq de marche) \u00e0 notre compteur. Il faisait froid en d\u00e9but d&rsquo;\u00e9tape, mais le temps a, par la suite, vari\u00e9 de nombreuses fois, nous faisant changer r\u00e9guli\u00e8rement de v\u00eatements. Nous sommes tous arriv\u00e9s heureux et avec la fiert\u00e9 d&rsquo;avoir r\u00e9alis\u00e9 plus d&rsquo;une quarantaine de kilom\u00e8tres.<\/p>\n\n\n\n<p>En ce qui concerne l&rsquo;ambiance, nous nous rendons compte de la chance que nous avons de participer \u00e0 cette magnifique aventure. Nous commen\u00e7ons \u00e0 prendre nos marques et nous en profitons un maximum.<\/p>\n\n\n\n<p><strong>Mardi 14 juin: Botrange &#8211; Ch\u00e2teau de Reinhardstein &#8211; Challes &#8211; Bellevaux (marche 5 + 3 kms \/ 32 kms \u00e0 v\u00e9lo)<\/strong><\/p>\n\n\n\n<p>Ce matin, les journalistes de 3A sont pass\u00e9s \u00e0 la radio pour parler de l&rsquo;\u00e9tape qu&rsquo;ils ont v\u00e9cue la veille. Pour la r\u00e9\u00e9couter, cliquez <a href=\"https:\/\/www.facebook.com\/impactnewsmalmedy\/videos\/708348763764779\"><em><strong>ici<\/strong><\/em><\/a><\/p>\n\n\n\n<p>Bonjour tout le monde!<\/p>\n\n\n\n<p>Hier soir, nous avons fait une soir\u00e9e \u00ab\u00a0Melting Pot\u00a0\u00bb. Le principe de cette soir\u00e9e consiste \u00e0 cr\u00e9er des \u00e9quipes de fa\u00e7on al\u00e9atoire parmi les \u00e9l\u00e8ves. Chaque \u00e9quipe s&rsquo;affronte dans des petits jeux sympathiques (blind-test, <em>N&rsquo;oubliez pas les Paroles&#8230;)<\/em>. L&rsquo;\u00e9quipe qui perd est \u00e9limin\u00e9e et les candidats de cette \u00e9quipe sont revers\u00e9s dans les autres. A la fin, il ne restait plus qu&rsquo;une \u00e9quipe. Cela nous permis de nous rendre compte que nous, les troisi\u00e8mes, nous formons une team soud\u00e9e.<\/p>\n\n\n\n<p>La journ\u00e9e d&rsquo;aujourd&rsquo;hui a commenc\u00e9 par un r\u00e9veil \u00e0 7h et puis petit d\u00e9jeuner \u00e0 7h45. Ensuite, nous nous sommes regroup\u00e9s dans les cars \u00e0 9h. Toutes les classes se retrouvaient \u00e0 la Baraque Michel pour entamer une balade de 5 kilom\u00e8tres dans les Fagnes.<\/p>\n\n\n\n<p>Au signal de Botrange, nous nous sommes mis en selle pour 15 km \u00e0 v\u00e9lo avant de rejoindre le Ch\u00e2teau de Reinhardstein o\u00f9 Madame Bovy s&rsquo;est d\u00e9guis\u00e9e en v\u00eatement moyen\u00e2geux pour nous raconter l&rsquo;histoire du ch\u00e2teau, que nous avons eu l&rsquo;occasion de visiter. On a termin\u00e9 notre \u00e9tape par 15 km de v\u00e9lo en nous dirigeant vers Malmedy, puis Stavelot (\u00e0 Challes plus pr\u00e9cis\u00e9ment) pour enfin retrouver notre camp de base \u00ab\u00a0Canal 3\u00a0\u00bb.<\/p>\n\n\n\n<p>La m\u00e9t\u00e9o \u00e9tait agr\u00e9able et ensoleill\u00e9e.<\/p>\n\n\n\n<p>Ce soir, apr\u00e8s un repas encore magnifiquement pr\u00e9par\u00e9 par notre \u00e9quipe de cuistots, nous allons assister \u00e0 la soir\u00e9e Talents&#8230; A demain pour la suite de nos aventures.<\/p>\n\n\n\n<p><strong>Mercredi 15 juin: Honsfeld-Wallerode-Saint-Vith-Ligneuville-Bellevaux (57 kms)<\/strong><\/p>\n\n\n\n<p>Ce matin, les journalistes de 3E sont pass\u00e9s \u00e0 la radio. Voici leur intervention (Cliquez <a href=\"https:\/\/www.facebook.com\/impactnewsmalmedy\/videos\/1055467132071353\"><em><strong>ici<\/strong><\/em><\/a>)<\/p>\n\n\n\n<p>Hier soir, apr\u00e8s avoir mang\u00e9 un bon repas, nous avons assist\u00e9 \u00e0 la c\u00e9l\u00e8bre soir\u00e9e talent ! Nous avons admir\u00e9 Terence et son piano, Rom\u00e9o et son violon, Lina en danse et pour finir, la classe de 3B et leur magnifique chor\u00e9.<\/p>\n\n\n\n<p>Le lendemain, apr\u00e8s avoir pass\u00e9 une bonne nuit gr\u00e2ce \u00e0 l&rsquo;\u00e9quipe technique, nous sommes partis en car de notre logement pour aller \u00e0 Honsfeld, o\u00f9 nous avons enfil\u00e9 notre casque et enfourch\u00e9 nos v\u00e9los pour partir \u00e0 la d\u00e9couverte de cette nouvelle \u00e9tape qui se d\u00e9roulait principalement dans les cantons de l&rsquo;Est. Cette \u00e9tape nous a \u00e9t\u00e9 annonc\u00e9e comme \u00e9tant la plus difficile de notre \u00e9dition. Et ce fut le cas&#8230;<\/p>\n\n\n\n<p>Sur le chemin, nous avons rencontr\u00e9 de nombreuses difficult\u00e9s, nous avons d\u00fb descendre plus au moins 10 fois de notre v\u00e9lo car le d\u00e9nivel\u00e9 \u00e9tait trop important ! Mais bien s\u00fbr, nous avons pers\u00e9v\u00e9r\u00e9.<\/p>\n\n\n\n<p>A la moiti\u00e9 du chemin, nous nous sommes arr\u00eat\u00e9s au ch\u00e2teau de Wallerode o\u00f9 nous avons eu une pause, mais aussi un ravitaillement. Apr\u00e8s, nous sommes repartis de plus bel \u00e0 la rencontre de Saint-Vith, o\u00f9 nous nous sommes fait pourchasser par des vaches \ud83d\ude42<\/p>\n\n\n\n<p>Nous sommes ensuite pass\u00e9s par Ondenval puis Ligneuville pour enfin finir ces 57 longs kilom\u00e8tres en revenant \u00e0 Bellevaux, l\u00e0 o\u00f9 se situe notre logement.<\/p>\n\n\n\n<p>Nous avons eu de la chance ! La m\u00e9t\u00e9o \u00e9tait tr\u00e8s chaude, m\u00eame parfois un peu trop&#8230;<\/p>\n\n\n\n<p>Nous nous sommes bien amus\u00e9s en chantant avec notre classe malgr\u00e9 la difficult\u00e9 de cette \u00e9tape<\/p>\n\n\n\n<p><strong>Jeudi 16 juin: Bernistap &#8211; Trois-Vierges- Burg-Reuland &#8211; Saint-Vith &#8211; Ligneuville (67kms)<\/strong><\/p>\n\n\n\n<p>Ce matin, les \u00e9l\u00e8ves journalistes de 3F sont pass\u00e9s \u00e0 la radio pour rendre compte de la journ\u00e9e du mercredi 15 juin. Pour r\u00e9\u00e9couter cet entretien, cliquez <a href=\"https:\/\/www.facebook.com\/impactnewsmalmedy\/videos\/358157523054362\"><em><strong>ici<\/strong><\/em><\/a>.<\/p>\n\n\n\n<p>Nous avons commenc\u00e9 ce jeudi ensoleill\u00e9 par un voyage en car d&rsquo;environ une heure durant lequel nous avons pu r\u00e9cup\u00e9rer de pr\u00e9cieuses minutes de sommeil.<\/p>\n\n\n\n<p>Arriv\u00e9s \u00e0 Bernistap (Province du Luxembourg), nous avons fait une randonn\u00e9e p\u00e9destre de 3 kilom\u00e8tres jusque Buret. Durant cette balade, nous avons pu observer un tunnel \u00e0 b\u00e2teau.<\/p>\n\n\n\n<p>Une fois \u00e0 Buret, nous avons pris nos v\u00e9lo pour entamer l&rsquo;\u00e9tape-reine de ce Canal 3 2022. Une \u00e9tape longue de 67 kilom\u00e8tres avec beaucoup, beaucoup, beaucoup de d\u00e9nivel\u00e9s&#8230; C&rsquo;\u00e9tait dur&#8230; Mais on est fier d&rsquo;\u00eatre parvenus \u00e0 la terminer.<\/p>\n\n\n\n<p>De Buret, nous nous sommes dirig\u00e9s vers Trois-Vierges (au Luxembourg). Ensuite, nous avons continu\u00e9 notre p\u00e9riple vers Burg-Reuland o\u00f9 nous avons eu l&rsquo;occasion de pique-niquer dans l&rsquo;enceinte du ch\u00e2teau.<\/p>\n\n\n\n<p>Arriv\u00e9s vers Saint-Vith, la fatigue et la faim se sont fait ressentir. Notre classe de 3D a alors d\u00e9cid\u00e9 de s&rsquo;arr\u00eater pour d\u00e9guster une d\u00e9licieuse cr\u00e8me glac\u00e9e. Requinqu\u00e9s, nous avons repris nos v\u00e9los jusque Ligneuville et puis notre camp de base \u00e0 Bellevaux.<\/p>\n\n\n\n<p>Malgr\u00e9 la difficult\u00e9 de l&rsquo;\u00e9tape, la chaleur accablante et la longueur, les sourires \u00e9taient toujours de la partie ainsi que les chants et la bonne humeur.<\/p>\n\n\n\n<p>Une fois arriv\u00e9s \u00e0 Bellevaux, nous nous sommes douch\u00e9s et nous avons mang\u00e9 un barbecue pr\u00e9par\u00e9 par notre excellente \u00e9quipe de cuistots.<\/p>\n\n\n\n<p>Ce soir, il n&rsquo;y a pas de soir\u00e9e pr\u00e9vue car nous avons termin\u00e9 cette \u00e9tape \u00e0 20h45. C&rsquo;est la raison pour laquelle cet article parait si tard.<\/p>\n\n\n\n<p><strong>Vendredi 17 juin: Am Weisser Stein &#8211; Lac de B\u00fctgenbach &#8211; Stavelot (46 kms)<\/strong><\/p>\n\n\n\n<p>Ce matin, les \u00e9l\u00e8ves journalistes de 3D sont pass\u00e9s \u00e0 la radio. R\u00e9\u00e9coutez le passage de Margo en cliquant <a href=\"https:\/\/www.facebook.com\/impactnewsmalmedy\/videos\/1276185703142161\"><em><strong>ici<\/strong><\/em><\/a>.<\/p>\n\n\n\n<p>Ce matin, nous sommes partis de la fronti\u00e8re allemande, dans le lieu dit \u00ab\u00a0Am Weisser Stein\u00a0\u00bb.<\/p>\n\n\n\n<p>Les premiers 18 kilom\u00e8tres \u00e9taient assez vallon\u00e9s jusqu&rsquo;au Lac de B\u00fctgenbach o\u00f9 nous nous sommes rassembl\u00e9s en un peloton afin d&rsquo;arriver tous ensemble au lac.<\/p>\n\n\n\n<p>Apr\u00e8s avoir enfil\u00e9 nos maillots, nous nous sommes tous jet\u00e9s \u00e0 l&rsquo;eau pour la traditionnelle jet\u00e9e \u00e0 la mer sauf que cette ann\u00e9e, le Canal 3 \u00e9tant r\u00e9gional, nous nous sommes content\u00e9s de la plage du lac de B\u00fctgenbach.<\/p>\n\n\n\n<p>Nous n&rsquo;avions pas les vagues de la mer, mais de chouettes jeux gonflables o\u00f9 nous avons pu nous d\u00e9fouler. Les profs les plus r\u00e9ticents ont \u00e9t\u00e9 jet\u00e9s \u00e0 l&rsquo;eau par leurs \u00e9l\u00e8ves pr\u00e9f\u00e9r\u00e9s.<\/p>\n\n\n\n<p>Apr\u00e8s tout cela, Mme Hernoux a repris son m\u00e9gaphone pour nous donner le d\u00e9part. La suite de l&rsquo;\u00e9tape comptait 28 kilom\u00e8tres pour nous ramener \u00e0 Stavelot, au Coll\u00e8ge, et le Ravel \u00e9tait tr\u00e8s roulant. Nous n&rsquo;avons donc pas rencontr\u00e9 de difficult\u00e9s \u00e0 les parcourir.<\/p>\n\n\n\n<p>A notre arriv\u00e9e \u00e0 Stavelot, nous nous sommes \u00e0 nouveau rassembl\u00e9s pour ensuite finir notre derni\u00e8re \u00e9tape tous ensemble.<\/p>\n\n\n\n<p>Ce soir, c&rsquo;est notre derni\u00e8re soir\u00e9e&#8230; Nous allons tout faire pour profiter un maximum de ces derniers moments.<\/p>\n\n\n\n<p>Merci de nous avoir suivis tout au long de cette semaine&#8230;<\/p>\n","protected":false},"excerpt":{"rendered":"<p>Voici le carnet de voyage de ce Canal 3 2022, \u00e9dition exceptionnelle dans notre belle r\u00e9gion vallonn\u00e9e, apr\u00e8s deux ans d&rsquo;arr\u00eat forc\u00e9. (Les articles ont \u00e9t\u00e9 r\u00e9dig\u00e9s par les \u00e9l\u00e8ves journalistes de chaque classe) Deux semaines avant le d\u00e9part, les \u00e9l\u00e8ves journalistes participaient \u00e0 l&rsquo;\u00e9mission&nbsp;\u00ab\u00a0Il est d\u00e9j\u00e0 08h08\u00a0\u00bb, le&nbsp;lundi 30 mai 2022 sur la radio [&hellip;]<\/p>\n","protected":false},"author":2,"featured_media":5037,"comment_status":"closed","ping_status":"closed","sticky":false,"template":"","format":"standard","meta":{"iawp_total_views":28,"footnotes":""},"categories":[8],"tags":[],"class_list":["post-5036","post","type-post","status-publish","format-standard","has-post-thumbnail","hentry","category-canal-3"],"_links":{"self":[{"href":"https:\/\/saintremaclestavelot.be\/secondaire\/wp-json\/wp\/v2\/posts\/5036","targetHints":{"allow":["GET"]}}],"collection":[{"href":"https:\/\/saintremaclestavelot.be\/secondaire\/wp-json\/wp\/v2\/posts"}],"about":[{"href":"https:\/\/saintremaclestavelot.be\/secondaire\/wp-json\/wp\/v2\/types\/post"}],"author":[{"embeddable":true,"href":"https:\/\/saintremaclestavelot.be\/secondaire\/wp-json\/wp\/v2\/users\/2"}],"replies":[{"embeddable":true,"href":"https:\/\/saintremaclestavelot.be\/secondaire\/wp-json\/wp\/v2\/comments?post=5036"}],"version-history":[{"count":1,"href":"https:\/\/saintremaclestavelot.be\/secondaire\/wp-json\/wp\/v2\/posts\/5036\/revisions"}],"predecessor-version":[{"id":6989,"href":"https:\/\/saintremaclestavelot.be\/secondaire\/wp-json\/wp\/v2\/posts\/5036\/revisions\/6989"}],"wp:featuredmedia":[{"embeddable":true,"href":"https:\/\/saintremaclestavelot.be\/secondaire\/wp-json\/wp\/v2\/media\/5037"}],"wp:attachment":[{"href":"https:\/\/saintremaclestavelot.be\/secondaire\/wp-json\/wp\/v2\/media?parent=5036"}],"wp:term":[{"taxonomy":"category","embeddable":true,"href":"https:\/\/saintremaclestavelot.be\/secondaire\/wp-json\/wp\/v2\/categories?post=5036"},{"taxonomy":"post_tag","embeddable":true,"href":"https:\/\/saintremaclestavelot.be\/secondaire\/wp-json\/wp\/v2\/tags?post=5036"}],"curies":[{"name":"wp","href":"https:\/\/api.w.org\/{rel}","templated":true}]}}