{"id":5013,"date":"2019-06-30T17:00:00","date_gmt":"2019-06-30T17:00:00","guid":{"rendered":"https:\/\/www.saintremaclestavelot.be\/?p=5013"},"modified":"2024-05-28T09:53:39","modified_gmt":"2024-05-28T07:53:39","slug":"canal-3-2019-carnet-de-voyage","status":"publish","type":"post","link":"https:\/\/saintremaclestavelot.be\/secondaire\/canal-3-2019-carnet-de-voyage\/","title":{"rendered":"Canal 3 2019: Carnet de voyage"},"content":{"rendered":"\t\t<div data-elementor-type=\"wp-post\" data-elementor-id=\"5013\" class=\"elementor elementor-5013\" data-elementor-post-type=\"post\">\n\t\t\t\t\t\t<section class=\"elementor-section elementor-top-section elementor-element elementor-element-4b60284c elementor-section-boxed elementor-section-height-default elementor-section-height-default\" data-id=\"4b60284c\" data-element_type=\"section\" data-e-type=\"section\">\n\t\t\t\t\t\t<div class=\"elementor-container elementor-column-gap-default\">\n\t\t\t\t\t<div class=\"elementor-column elementor-col-100 elementor-top-column elementor-element elementor-element-64f1e4bd\" data-id=\"64f1e4bd\" data-element_type=\"column\" data-e-type=\"column\">\n\t\t\t<div class=\"elementor-widget-wrap elementor-element-populated\">\n\t\t\t\t\t\t<div class=\"elementor-element elementor-element-18aa760a elementor-widget elementor-widget-text-editor\" data-id=\"18aa760a\" data-element_type=\"widget\" data-e-type=\"widget\" data-widget_type=\"text-editor.default\">\n\t\t\t\t<div class=\"elementor-widget-container\">\n\t\t\t\t\t\t\t\t\t<p><\/p>\n<p>A la veille du d\u00e9part, le vendredi 7 juin, des \u00e9l\u00e8ves de troisi\u00e8me (Victor, Janelle et Lola) et M.Schillewaert \u00e9taient invit\u00e9s dans l&rsquo;\u00e9mission du 08h08 sur Impact FM pour venir pr\u00e9senter le projet \u00e0 quelques jours du d\u00e9part&#8230; Regardez en cliquant&nbsp;<a href=\"https:\/\/www.facebook.com\/watch\/?v=404432563495673\" target=\"_blank\"><b><u>ici<\/u><\/b><\/a><\/p>\n<p><\/p>\n<p><\/p>\n<figure>\n<div><em style=\"color: inherit; font-size: inherit; letter-spacing: inherit;\"><strong>Mardi 11 juin: Trajet aller et \u00ab\u00a0Rando du Prajoux\u00a0\u00bb<\/strong><\/em><\/div>\n<\/figure>\n<p><\/p>\n<p><\/p>\n<p>Le lundi 10 juin, \u00e0 23h00, Canal 3 a d\u00e9but\u00e9 pour les \u00e9l\u00e8ves de troisi\u00e8me ann\u00e9e du coll\u00e8ge Saint-Remacle de Stavelot. Ils ont pris le car, direction la r\u00e9gion du Lot, en France.<\/p>\n<p><\/p>\n<p><\/p>\n<p>La premi\u00e8re nuit s\u2019est bien d\u00e9roul\u00e9e, m\u00eame s\u2019il s\u2019agissait d\u2019une nuit\u2026 en car&nbsp;!<\/p>\n<p><\/p>\n<p><\/p>\n<p>A 7h30, Coraline (\u00e9l\u00e8ve de 3C) est pass\u00e9e \u00e0 la radio, sur Impact FM, pour faire part de ses premi\u00e8res impressions. Vous pouvez r\u00e9\u00e9couter son interview \u00e0 la fin de cet article.<\/p>\n<p><\/p>\n<p><\/p>\n<p>Apr\u00e8s 14 heures de trajet, ils sont arriv\u00e9s \u00e0 Seuzac. C\u2019est \u00e0 partir de ce lieu-dit qu\u2019a commenc\u00e9 la randonn\u00e9e p\u00e9destre, la \u00ab&nbsp;Rando du Prajoux&nbsp;\u00bb, longue de 8 kilom\u00e8tres.<\/p>\n<p><\/p>\n<p><\/p>\n<p>Au programme pour ce soir, c\u2019est la soir\u00e9e talent&nbsp;! Les \u00e9l\u00e8ves qui poss\u00e8dent un don pour le &nbsp;chant, la danse, la magie, etc. auront l\u2019occasion de participer \u00e0 ce spectacle et de montrer \u00e0 leurs camarades toute l\u2019\u00e9tendue de leur talent.&nbsp;<span style=\"color: var( --e-global-color-text );\">Ecoutez l&rsquo;intervention des journalistes en cliquant&nbsp;<\/span><a href=\"https:\/\/www.facebook.com\/impactnewsmalmedy\/videos\/380584002802639\/\" target=\"_blank\" style=\"transition-property: all;\"><span style=\"font-weight: 700;\"><u>ici<\/u><\/span><\/a><\/p>\n<p><\/p>\n<p><\/p>\n<figure>\n<div><em style=\"color: inherit; font-size: inherit; letter-spacing: inherit;\"><strong><br><\/strong><\/em><\/div>\n<div><em style=\"color: inherit; font-size: inherit; letter-spacing: inherit;\"><strong><br><\/strong><\/em><\/div>\n<div><em style=\"color: inherit; font-size: inherit; letter-spacing: inherit;\"><strong>Mercredi 12 juin: Calvignac-Cahors (50kms)<\/strong><\/em><br><\/div>\n<\/figure>\n<p><\/p>\n<p><\/p>\n<p>Ce matin, \u00e0 07h30, Les journalistes de 3E (En\u00e9a, Niel, Marie et Erika) sont pass\u00e9s \u00e0 la radio pour relater la premi\u00e8re journ\u00e9e v\u00e9cue \u00e0 Canal 3. Ils ont racont\u00e9 ce qu\u2019il s\u2019est pass\u00e9 lors du voyage en car, de la randonn\u00e9e p\u00e9destre et de la soir\u00e9e talent. Vous pourrez r\u00e9\u00e9couter en fin d\u2019article ce passage sur Impact FM.<\/p>\n<p><\/p>\n<p><\/p>\n<p>&nbsp;Ensuite, la premi\u00e8re \u00e9tape \u00e0 v\u00e9lo a d\u00e9but\u00e9. Cette \u00e9tape a \u00e9t\u00e9, aux dires de la plupart des adultes pr\u00e9sents ayant d\u00e9j\u00e0 particip\u00e9 aux \u00e9ditions ant\u00e9rieures, une des plus belles jamais v\u00e9cues \u00e0 Canal 3, en ce qui concerne les paysages travers\u00e9s. Nous vous invitons donc \u00e0 consulter l\u2019album de cette deuxi\u00e8me journ\u00e9e de Canal 3 dans l\u2019onglet \u00ab&nbsp;photos&nbsp;\u00bb<\/p>\n<p><\/p>\n<p><\/p>\n<p>Mais il s\u2019agit aussi du d\u00e9but des douleurs au post\u00e9rieur. Les \u00e9l\u00e8ves ont d\u00e9couvert ce qui sera leur ami intime pendant cette fameuse semaine pleine de p\u00e9rip\u00e9ties&nbsp;: leur v\u00e9lo.<\/p>\n<p><\/p>\n<p><\/p>\n<p>Nous avons donc commenc\u00e9 dans le d\u00e9partement du Lot, qui est connu pour sa qualit\u00e9 architecturale et qui se trouve au Sud-Ouest de la France, dans la r\u00e9gion Occitanie, entre l&rsquo;Atlantique et la M\u00e9diterran\u00e9e.<\/p>\n<p><\/p>\n<p><\/p>\n<p>En route pour Cahors, labellis\u00e9e \u00ab&nbsp;Ville d\u2019art et d\u2019histoire&nbsp;\u00bb en 2005. Mais pour y arriver, il a fallu passer par plusieurs endroits plus magnifiques les uns que les autres.<\/p>\n<p><\/p>\n<p><\/p>\n<p>Dans un premier temps, apr\u00e8s quelques kilom\u00e8tres, nous sommes pass\u00e9s par Larnagol, petit village fran\u00e7ais o\u00f9 nous avons pu apercevoir un ch\u00e2teau datant du Moyen \u00c2ge.<\/p>\n<p><\/p>\n<p><\/p>\n<p>Ensuite, nous nous sommes arr\u00eat\u00e9s dans le petit village m\u00e9di\u00e9val class\u00e9 de Saint-Cirq-Lapopie qui ne compte pas moins de 13 monuments historiques. Pour y acc\u00e9der, nous avons gravi la falaise pour aller admirer l\u2019\u00e9poustouflant point de vue.<\/p>\n<p><\/p>\n<p><\/p>\n<p>A quelques kilom\u00e8tres de Saint-Cirq-Lapopie, nous avons travers\u00e9 Bouzi\u00e8s et nous avons long\u00e9 la rivi\u00e8re sur le chemin de halage sous la roche. Ce chemin cr\u00e9\u00e9 par l\u2019homme est long de 300 m et haut de 2 m.<\/p>\n<p><\/p>\n<p><\/p>\n<p>Durant cette magnifique \u00e9tape, nous avons eu la chance de passer \u00e0 c\u00f4t\u00e9 des magnifiques maisons troglodytes. L&rsquo;habitat troglodytique est une architecture qui consiste \u00e0 am\u00e9nager des habitats creus\u00e9s dans la roche \u00e0 flanc de montagne.<\/p>\n<p><\/p>\n<p><\/p>\n<p>Ce soir, nous avons d\u00fb reporter la soir\u00e9e \u00ab\u00a0MELTING-POT\u00a0\u00bb pour des raisons de timing. A la place de cela, les \u00e9l\u00e8ves vont prendre le temps de prendre leurs douches, s&rsquo;installer et assister au moment du soir o\u00f9 ils pourront visionner les plus belles photos des journ\u00e9es pr\u00e9c\u00e9dentes.&nbsp;<span style=\"color: var( --e-global-color-text );\">Ecoutez l&rsquo;intervention des journalistes en cliquant&nbsp;<\/span><b><i><u><a href=\"https:\/\/www.facebook.com\/impactnewsmalmedy\/videos\/2495057557426564\/\" target=\"_blank\">ici<\/a><span style=\"color: var( --e-global-color-text );\">&nbsp;<\/span><\/u><\/i><\/b><\/p>\n<p style=\"font-size: 18px; letter-spacing: normal; color: rgb(78, 98, 107);\">\n<\/p><p style=\"font-size: 18px; letter-spacing: normal; color: rgb(78, 98, 107);\">\n<\/p><p><\/p>\n<p><\/p>\n<figure>\n<div><em style=\"color: inherit; font-size: inherit; letter-spacing: inherit;\"><strong><br><\/strong><\/em><\/div>\n<div><em style=\"color: inherit; font-size: inherit; letter-spacing: inherit;\"><strong>Jeudi 13 juin: Cahors &#8211; Fumel (72 kms)<\/strong><\/em><br><\/div>\n<\/figure>\n<p><\/p>\n<p><\/p>\n<p>Ce matin, trois \u00e9l\u00e8ves journalistes de 3B (Caroline, Sinem et Emma) ont donn\u00e9 des informations sur la journ\u00e9e du mercredi 12 juin. Elles ont racont\u00e9 la premi\u00e8re \u00e9tape \u00e0 v\u00e9lo, longue de 46 kilom\u00e8tres qui reliait Calvignac \u00e0 Cahors, en passant par Saint-Cirq-Lapopie. Vous pourrez r\u00e9\u00e9couter ce passage \u00e0 la radio \u00e0 la fin de cet article.<\/p>\n<p><\/p>\n<p><\/p>\n<p>Alors, aujourd\u2019hui, les choses s\u00e9rieuses ont commenc\u00e9: 72 kms nous attendaient&nbsp;!<\/p>\n<p><\/p>\n<p><\/p>\n<p>Notre exp\u00e9dition a d\u00e9but\u00e9 \u00e0 Cahors et s\u2019est termin\u00e9e \u00e0 Fumel. Nous avons encore traversers\u00e9 le d\u00e9partement de Lot-et-Garonne qui se situe dans le sud-ouest de la France et dans lequel nous avons pu apercevoir de somptueux paysages et de magnifiques monuments class\u00e9s.<\/p>\n<p><\/p>\n<p><\/p>\n<p>En premier lieu, nous avons travers\u00e9 la ville de Cahors, escort\u00e9s par la police locale. Selon les \u00e9l\u00e8ves, \u00ab&nbsp;c\u2019\u00e9tait trop la classe&nbsp;!!!&nbsp;\u00bb, nous sommes pass\u00e9s pr\u00e8s de la cath\u00e9drale Saint-Etienne, qui arbore diff\u00e9rents styles architecturaux&nbsp;: catholique, gothique, roman ou encore byzantin.<\/p>\n<p><\/p>\n<p><\/p>\n<p>Ensuite, nous avons emprunt\u00e9 le pont Louis-Philippe, connu pour sa l\u00e9gende qui raconterait qu\u2019un tr\u00e9sor s\u2019y cache et le pont Valentr\u00e9, appel\u00e9 aussi pont du Diable.<\/p>\n<p><\/p>\n<p><\/p>\n<p>Par apr\u00e8s, nous avons parcouru la Voie verte de Mercu\u00e8s, une ancienne voie ferr\u00e9e non rev\u00eatue.<\/p>\n<p><\/p>\n<p><\/p>\n<p>Sur le chemin, nous avons travers\u00e9 beaucoup de vignes, dont celles de Parnac, une petite commune qui est le berceau du vin de Cahors. En plus des vignes, la culture des prunes y est aussi tr\u00e8s pr\u00e9sente.<\/p>\n<p><\/p>\n<p><\/p>\n<p>Nous avons \u00e9galement fait un d\u00e9tour par Puy-L\u2019Ev\u00eaque, petit village m\u00e9di\u00e9val connu pour ses monuments historiques et son patrimoine architectural urbain et paysager.<\/p>\n<p><\/p>\n<p><\/p>\n<p>Et c\u2019est par la ville de Fumel que nous avons termin\u00e9 notre p\u00e9riple. Fumel a, dans le temps, \u00e9t\u00e9 fortifi\u00e9e et entour\u00e9e de foss\u00e9s avec deux portes et une poterne. Un ch\u00e2teau m\u00e9di\u00e9val la domine, il permettait de contr\u00f4ler le Lot et le passage entre l&rsquo;Agenais, le Quercy et le P\u00e9rigord. Il a \u00e9t\u00e9 construit suivant un plan carr\u00e9 avec six tours. Cependant, cet ensemble fortifi\u00e9 a \u00e9t\u00e9 pris cinq fois au moins pendant la Guerre de Cent Ans.<\/p>\n<p><\/p>\n<p><\/p>\n<p>Ce soir, un long break est pr\u00e9vu pendant que certains \u00e9l\u00e8ves motiv\u00e9s devaient faire une randonn\u00e9e de VTT, longue de 22 kms. Mais pour des raisons de timing serr\u00e9, nous avons d\u00fb annuler cette randonn\u00e9e. Ce sera donc BREAK pour tout le monde.&nbsp;<span style=\"color: var( --e-global-color-text );\">Ecoutez l&rsquo;intervention des journalistes en cliquant&nbsp;<\/span><a href=\"https:\/\/www.facebook.com\/impactnewsmalmedy\/videos\/2065380737101910\/\" target=\"_blank\"><b><u>ici<\/u><\/b><\/a><\/p>\n<p><\/p>\n<p><\/p>\n<figure>\n<div><em style=\"color: inherit; font-size: inherit; letter-spacing: inherit;\"><strong>Vendredi 14 juin: Mons\u00e9gur &#8211; Mas-d&rsquo;Agenais (85 kms)<\/strong><\/em><br><\/div><\/figure>\n<p><\/p>\n<p><\/p>\n<p>Ce matin, les \u00e9l\u00e8ves journalistes de 3A (L\u00e9a Blaise, L\u00e9a Forthomme, Lucas et H\u00e9l\u00e8ne) sont intervenus \u00e0 la radio pour relater l\u2019\u00e9tape v\u00e9cue la veille (Cahors-Fumel). Vous pouvez r\u00e9\u00e9couter leur intervention en fin d\u2019article.<\/p>\n<p><\/p>\n<p><\/p>\n<p>Nous rappelons qu\u2019il n\u2019y aura pas de direct \u00e0 la radio ce samedi et ce dimanche.<\/p>\n<p><\/p>\n<p><\/p>\n<p>Aujourd\u2019hui, les \u00e9l\u00e8ves de troisi\u00e8me ont parcouru l\u2019\u00e9tape-reine de ce Canal 3 qui \u00e9tait longue de 85 kilom\u00e8tres. Mais malgr\u00e9 la distance, ils ont fait preuve d\u2019une \u00e9nergie d\u00e9bordante et ils en reviennent avec la joie et la fiert\u00e9 d\u2019avoir r\u00e9ussi cette exploit. Et pourtant, la m\u00e9t\u00e9o n\u2019a pas \u00e9t\u00e9 cl\u00e9mente avec nos cyclistes\u2026 En effet, la pluie s\u2019est invit\u00e9e sur une bonne partie du parcours.<\/p>\n<p><\/p>\n<p><\/p>\n<p>Donc, ce matin, ils ont quitt\u00e9 le logement \u00e0 Fumel pour prendre les cars qui les ont conduits 10 kms plus loin, \u00e0 Mons\u00e9gur, r\u00e9el point de d\u00e9part de cette balade qui les a emmen\u00e9s jusqu&rsquo;au Mas-D\u2019Agenais, tout cela dans le d\u00e9partement du Lot et Garonne.<\/p>\n<p><\/p>\n<p><\/p>\n<p>Ils sont pass\u00e9s \u00e0 c\u00f4t\u00e9 du Lustrac, ch\u00e2teau situ\u00e9 dans la r\u00e9gion de la Nouvelle-Aquitaine, dans la commune de Trentels. Sa construction a d\u00e9but\u00e9 au d\u00e9but du 14<sup>e<\/sup> si\u00e8cle et s\u2019est termin\u00e9e entre le 15 et le 17<sup>e<\/sup> si\u00e8cle.<\/p>\n<p><\/p>\n<p><\/p>\n<p>Plus loin, ils ont visit\u00e9 Le Penne-d\u2019Agenais, commune r\u00e9put\u00e9e pour son \u00e9glise \u00ab&nbsp;Notre-Dame de Peyragude&nbsp;\u00bb construite par une famille de chevaliers au 10<sup>e<\/sup> si\u00e8cle.<\/p>\n<p><\/p>\n<p><\/p>\n<p>En longeant le Lot, ils sont arriv\u00e9s sur le pont de Roussanes, construit en 1841. Mais malgr\u00e9 sa r\u00e9novation en 2009, il reste une \u0153uvre d\u2019art extr\u00eamement fragile<\/p>\n<p><\/p>\n<p><\/p>\n<p>Ils ont \u00e9galement eu la chance de c\u00f4toyer les ruelles de Clairac o\u00f9 se trouve une abbaye magnifique et un viaduc. L\u2019origine de cette abbaye reste \u00e0 ce jour inconnue, mais l\u2019ensemble des b\u00e2timents semble dater du Moyen-\u00e2ge.<\/p>\n<p><\/p>\n<p><\/p>\n<p>Sur les derniers kilom\u00e8tres de l&rsquo;\u00e9tape, ils ont long\u00e9 le canal lat\u00e9ral \u00e0 la Garonne. Ce canal, datant du XIX\u00e8me si\u00e8cle, relie Toulouse \u00e0 Bordeaux; long de 193 kms, il traverse d&rsquo;est en ouest la partie sud-ouest de la France et permet une communication entre la M\u00e9diterrann\u00e9e et l&rsquo;oc\u00e9an Atlantique vers lequel nous nous dirigeons.<\/p>\n<p><\/p>\n<p><\/p>\n<p>Ce soir, un long break est pr\u00e9vu. L\u2019\u00e9tape a \u00e9t\u00e9 longue et les \u00e9l\u00e8ves ont besoin de repos. Ils vont donc avoir l\u2019occasion pendant le break, de r\u00e9diger des cartes postales. Ensuite, comme d\u2019habitude, ils auront le moment du soir avec le diaporama des photos de cette journ\u00e9e et la pr\u00e9sentation de l\u2019\u00e9tape du lendemain.&nbsp;<span style=\"color: var( --e-global-color-text );\">Ecoutez l&rsquo;intervention des journalistes en cliquant&nbsp;<\/span><a href=\"https:\/\/www.facebook.com\/impactnewsmalmedy\/videos\/2279225112290292\/\" target=\"_blank\"><b><u>ici<\/u><\/b><\/a><\/p>\n<p><\/p>\n<p><\/p>\n<figure>\n<div><em style=\"color: inherit; font-size: inherit; letter-spacing: inherit;\"><strong>Samedi 15 juin: Transfert + Coivert &#8211; Saint-Jean-d&rsquo;Ang\u00e9ly (40 kms)<\/strong><\/em><br><\/div><\/figure>\n<p><\/p>\n<p><\/p>\n<p>Ce samedi 15 juin, \u00e0 08h00, &nbsp;nous avons quitt\u00e9 la r\u00e9gion du Lot-et-Garonne pour un transfert de 250 kms vers Coivert en Charente-Maritime. Ce trajet nous a permis de nous d\u00e9tendre un peu (ou pas). Ensuite, au d\u00e9part de Coivert, nous avons p\u00e9dal\u00e9 40 kms vers Saint-Jean-d\u2019Angely.<\/p>\n<p><\/p>\n<p><\/p>\n<p>La Charente-Maritime est un d\u00e9partement fran\u00e7ais situ\u00e9 au Sud-Ouest de la France, voisin de l\u2019Atlantique. Il se trouve dans la r\u00e9gion de la Nouvelle-Aquitaine, son chef-lieu est la Rochelle.<\/p>\n<p><\/p>\n<p><\/p>\n<p>Pendant un certain temps, nous avons long\u00e9 la Boutonne qui fait 98,8 Km. Elle prend sa source au sud-est du d\u00e9partement des Deux-S\u00e8vres \u00e0 Chef-Boutonne et se jette dans la Charente et c\u2019est l\u2019affluent le plus long de la rive droite de la Charente.<\/p>\n<p><\/p>\n<p><\/p>\n<p>Nous sommes pass\u00e9s par Saint-S\u00e9verin-sur Boutonne, commune arros\u00e9e par la Boutonne situ\u00e9e en Charente-Maritime. Comme de nombreux villages aux alentours, Saint-S\u00e9verin-sur Boutonne poss\u00e8de un lavoir sur la rive droite. Il reste des vestiges d\u2019un camp romain, d&rsquo;une abbaye et la zone est ins\u00e9r\u00e9e comme un monument historique. Cette commune est essentiellement agricole, surtout de la c\u00e9r\u00e9aliculture.<\/p>\n<p><\/p>\n<p><\/p>\n<p>Nous avons eu l\u2019occasion, dans la commune de Dampierre-sur Boutonne, situ\u00e9e dans la partie occidentale du canton d\u2019Aulnay (qui est le canton le plus \u00e9tendu de la Charente-Maritime) de visiter le ch\u00e2teau de style renaissance. Il y a aussi une \u00e9glise, l\u2019\u00e9glise St-Pierre qui est de style roman, elle a un curieux clocher et c\u2019est un monument historique du XII\u00e8me si\u00e8cle. Et encore, la fontaine St-Barnab\u00e9 qui est r\u00e9put\u00e9e pour ses eaux curatives.<\/p>\n<p><\/p>\n<p><\/p>\n<p>Nous sommes pass\u00e9s pr\u00e8s du ch\u00e2teau de Mornay situ\u00e9 \u00e0 Saint-Pierre de L\u2019Isle. Il a \u00e9t\u00e9 construit au XVI\u00e8me si\u00e8cle et reconstruit vers 1642. C\u2019est actuellement une maison de convalescence. Un ch\u00e2telet d\u2019entr\u00e9e pr\u00e9c\u00e8de le ch\u00e2teau. Le logis devrait \u00eatre construit en U, mais il a \u00e9t\u00e9 inachev\u00e9 donc sa construction est en L. Le parc \u00e0 l\u2019arri\u00e8re du ch\u00e2teau longe la rivi\u00e8re la Boutonne. Il est inscrit comme monument historique et se trouve au pr\u00e9-inventaire des jardins remarquables.<\/p>\n<p><\/p>\n<p><\/p>\n<p>Apr\u00e8s cette petite \u00e9tape largement ensoleill\u00e9e, nous sommes arriv\u00e9s au logement. Nous avons install\u00e9 nos couchages et nous nous appr\u00eatons \u00e0 prendre le souper. Ce soir, c\u2019est soir\u00e9e \u00ab&nbsp;cin\u00e9matelas&nbsp;\u00bb qui, comme son nom l\u2019indique, consiste \u00e0 regarder un film (qui est projet\u00e9 sur grand \u00e9cran) de son propre matelas. Le film qui est propos\u00e9 aux \u00e9l\u00e8ves est \u00ab&nbsp;Green Book&nbsp;\u00bb, film am\u00e9ricain r\u00e9alis\u00e9 par Peter Farelly, sorti aux \u00c9tats-Unis en 2018. Il s&rsquo;agit d&rsquo;un film biographique sur une tourn\u00e9e r\u00e9alis\u00e9e dans les \u00c9tats du Sud en 1962 par le pianiste noir Don Shirley, et son chauffeur et garde du corps blanc, Tony Vallelonga. Il obtient de nombreuses r\u00e9compenses, notamment trois Oscars, dont celui du meilleur film.<\/p>\n<p><\/p>\n<p><\/p>\n<p><em><strong>Dimanche 16 juin: Saint-Jean-d&rsquo;Ang\u00e9ly &#8211; Mo\u00ebze (83 kms)<\/strong><\/em><\/p>\n<p><\/p>\n<p><\/p>\n<p>L\u2019\u00e9tape d\u2019aujourd\u2019hui reliait Saint-Jean-d\u2019Ang\u00e9ly \u00e0 Mo\u00ebze et \u00e9tait longue de 83 kms. C\u2019\u00e9tait la derni\u00e8re grosse \u00e9tape de ce Canal 3 2019. Mais nous restons concentr\u00e9s car il nous reste une derni\u00e8re \u00e9tape demain, certainement une des plus importantes&nbsp;: celle de l\u2019arriv\u00e9e \u00e0 la mer qui marquera la fin de cette magnifique \u00e9dition.<\/p>\n<p><\/p>\n<p><\/p>\n<p>Aujourd\u2019hui, nous avons suivi principalement la \u00ab\u00a0Boutonne\u00a0\u00bb, rivi\u00e8re qui arrose le d\u00e9partement de la Charente-Maritime, entre autres. Les paysages sauvages et bucoliques de cette \u00ab\u00a0coul\u00e9e verte\u00a0\u00bb que dessine la Boutonne nous ont ravi tout au long de cette journ\u00e9e.<\/p>\n<p><\/p>\n<p><\/p>\n<p>Mais avant d\u2019arriver \u00e0 notre destination, nous sommes pass\u00e9s sous la porte Saint-Pierre (construite au 14\u00e8me si\u00e8cle), \u00e0 l&rsquo;entr\u00e9e de Tonnay-sur-Boutonne dans le d\u00e9partement de la Charente-Maritime.<\/p>\n<p><\/p>\n<p><\/p>\n<p>A quelques kilom\u00e8tres de l\u2019arriv\u00e9e, nous sommes arriv\u00e9s \u00e0 Tonnay-Charente, ville cr\u00e9\u00e9e en 1666, suite \u00e0 l\u2019amarrage d\u2019un arsenal maritime et militaire&#8230; sans oublier son port fluvial en bordure de la Charente et son pont suspendu sur lequel nous allons passer pour traverser la Charente et se retrouver sur la rive gauche.<\/p>\n<p><\/p>\n<p><\/p>\n<p>Nous sommes pass\u00e9s \u00e0 c\u00f4t\u00e9 du pont Transbordeur \u00e0 hauteur de Rochefort. Celui-ci permet de relier les deux rives de la Charente sans g\u00eaner la navigation des cargos qui desservent les ports de Rochefort et de Tonnay-Charente.<\/p>\n<p><\/p>\n<p><\/p>\n<p>Avant d&rsquo;arriver \u00e0 Mo\u00ebze, ville finale de cette \u00e9tape, nous nous sommes arr\u00eat\u00e9s \u00e0 Soubise pour y prendre une bonne douche bien m\u00e9rit\u00e9e. Il restait malgr\u00e9 tout 5 kilom\u00e8tres apr\u00e8s les douches\u2026<\/p>\n<p><\/p>\n<p><\/p>\n<p>Cette magnifique \u00e9tape a \u00e9t\u00e9 arros\u00e9e de soleil tout au long de la journ\u00e9e! Que du bonheur et des couleurs \u00e0 ramener en Belgique!<\/p>\n<p><\/p>\n<p><\/p>\n<p>Ce soir, c\u2019est la soir\u00e9e \u00ab&nbsp;Meltingpot&nbsp;\u00bb, une sorte de veill\u00e9e \u00ab&nbsp;Jeux&nbsp;\u00bb o\u00f9 tout le monde participe et dont le but est de s\u2019amuser un maximum.<\/p>\n<p><\/p>\n<p><\/p>\n<p><em><strong>Lundi 17 juin: Mo\u00ebze &#8211; Fouras &#8211; Ile-d&rsquo;Aix (37 kms)<\/strong><\/em><\/p>\n<p><\/p>\n<p><\/p>\n<p>Ca y est! Nous y sommes arriv\u00e9s! Canal 3 2019 vient de se terminer. Les \u00e9l\u00e8ves viennent de quitter, non sans verser une petite larme, leurs v\u00e9los. Ils ne les reverront plus avant l\u2019arriv\u00e9e \u00e0 Stavelot.<\/p>\n<p><\/p>\n<p><\/p>\n<p>C\u2019est une journ\u00e9e plus qu\u2019estivale qu\u2019ils viennent de vivre. Il a fait tr\u00e8s chaud, jusqu\u2019\u00e0 30\u00b0 \u00e0 l\u2019ombre, mais pour l\u2019arriv\u00e9e \u00e0 la plage, c\u2019\u00e9tait id\u00e9al.<\/p>\n<p><\/p>\n<p><\/p>\n<p>Ce matin, deux \u00e9l\u00e8ves de 3D (Kyra et Hugo) ont \u00e9t\u00e9 interview\u00e9s sur l\u2019\u00e9tape de la veille sur Impact FM. Retrouvez leur intervention en fin d\u2019article.<\/p>\n<p><\/p>\n<p><\/p>\n<p>Ils viennent donc de r\u00e9aliser la derni\u00e8re \u00e9tape de leur terrible p\u00e9riple. M\u00eame si le plus gros avait d\u00e9j\u00e0 \u00e9t\u00e9 fait, il fallait quand m\u00eame rester concentr\u00e9s pour fournir l\u2019effort n\u00e9cessaire pour ces 37 kilom\u00e8tres.<\/p>\n<p><\/p>\n<p><\/p>\n<p>Lors de cette \u00e9tape, qui a \u00e9t\u00e9 riche en \u00e9motions, nous avons quitt\u00e9 Mo\u00ebze pour nous diriger vers Soubize, \u00e0 6 kilom\u00e8tres. L\u00e0, nous avons travers\u00e9 la Charente&#8230; en petit bac dans lequel nous ne pouvions mettre qu&rsquo;une douzaine de v\u00e9los.<\/p>\n<p><\/p>\n<p><\/p>\n<p>Nous avons ensuite travers\u00e9 la r\u00e9serve naturelle de Mo\u00ebze. Elle est situ\u00e9e entre l&rsquo;Ile d&rsquo;Ol\u00e9ron et le continent. Class\u00e9e en 1985, elle occupe une surface de 6720 hectares. Cette r\u00e9serve offre un terre d&rsquo;asile pour des milliers d&rsquo;oiseaux migrateurs.<\/p>\n<p><\/p>\n<p><\/p>\n<p>Nous sommes pass\u00e9s \u00e0 c\u00f4t\u00e9 des carrelets. Ce sont des petites cabanes de p\u00eacheurs. Construites sur pilotis en bois et reli\u00e9es \u00e0 la terre par un long ponton, elles doivent leur nom \u00e0 un grand filet de p\u00eache carr\u00e9, appel\u00e9 le carrelet, qui est descendu et remont\u00e9 vers la mer par un syst\u00e8me de treuil qui l\u00e8ve le filet horizontalement \u00e0 l&rsquo;aide d&rsquo;un cordage.<\/p>\n<p><\/p>\n<p><\/p>\n<p>Apr\u00e8s 30 kms dans ce magnifique d\u00e9cor, nous sommes arriv\u00e9s \u00e0 Fouras (qui a donn\u00e9 son nom au c\u00e9l\u00e8bre p\u00e8re Fouras du Fort Boyard, qui ne se trouve pas tr\u00e8s tr\u00e8s loin&#8230;). Nous avons aper\u00e7u le Fort de Fouras. Il s&rsquo;agit d&rsquo;un ch\u00e2teau m\u00e9di\u00e9val, un Fort Vauban dont on profitait pour sa situation g\u00e9ographique strat\u00e9gique car il permettait d&rsquo;observer les mouvements des navires. De l\u00e0, nous pouvions \u00e9galement voir, au loin, le c\u00e9l\u00e9brissime Fort Boyard qu&rsquo;il est inutile de vous pr\u00e9senter.<\/p>\n<p><\/p>\n<p><\/p>\n<p>Nous avons ensuite pris le bateau qui nous a men\u00e9s sur l&rsquo;Ile d&rsquo;Aix dont nous avons fait le tour \u00e0 v\u00e9lo (4 kms). Et enfin, nous sommes arriv\u00e9s sur la plage de l&rsquo;Anse de la Croix o\u00f9 il ne nous restait plus qu&rsquo;\u00e0 nous y tremper pour f\u00eater l&rsquo;accomplissement de cette grande aventure&#8230;<\/p>\n<p><\/p>\n<p><\/p>\n<p>Ce soir, les \u00e9l\u00e8ves auront l\u2019occasion de profiter de leur derni\u00e8re soir\u00e9e de Canal 3\u2026 Une \u00ab&nbsp;soir\u00e9e dansante&nbsp;\u00bb les attend. Ils iront dormir un peu plus tard que d\u2019habitude, mais ils pourront se reposer dans le car.&nbsp;<span style=\"color: var( --e-global-color-text );\">Ecoutez l&rsquo;intervention des journalistes en cliquant&nbsp;<\/span><a href=\"https:\/\/www.facebook.com\/impactnewsmalmedy\/videos\/120465077304858\" target=\"_blank\"><b><u>ici<\/u><\/b><\/a><\/p>\n<p><\/p>\n<p><\/p>\n<figure>\n<div><em style=\"color: inherit; font-size: inherit; letter-spacing: inherit;\"><strong>Mardi 18 juin: Retour \u00e0 Stavelot (conclusion et remerciements)<\/strong><\/em><br><\/div>\n<\/figure>\n<p><\/p>\n<p><\/p>\n<figure>\n<div><br><\/div>\n<\/figure>\n<p><\/p>\t\t\t\t\t\t\t\t<\/div>\n\t\t\t\t<\/div>\n\t\t\t\t\t<\/div>\n\t\t<\/div>\n\t\t\t\t\t<\/div>\n\t\t<\/section>\n\t\t\t\t<\/div>\n\t\t","protected":false},"excerpt":{"rendered":"<p>A la veille du d\u00e9part, le vendredi 7 juin, des \u00e9l\u00e8ves de troisi\u00e8me (Victor, Janelle et Lola) et M.Schillewaert \u00e9taient invit\u00e9s dans l&rsquo;\u00e9mission du 08h08 sur Impact FM pour venir pr\u00e9senter le projet \u00e0 quelques jours du d\u00e9part&#8230; Regardez en cliquant&nbsp;ici Le lundi 10 juin, \u00e0 23h00, Canal 3 a d\u00e9but\u00e9 pour les \u00e9l\u00e8ves de [&hellip;]<\/p>\n","protected":false},"author":2,"featured_media":5014,"comment_status":"closed","ping_status":"closed","sticky":false,"template":"","format":"standard","meta":{"iawp_total_views":28,"footnotes":""},"categories":[8],"tags":[],"class_list":["post-5013","post","type-post","status-publish","format-standard","has-post-thumbnail","hentry","category-canal-3"],"_links":{"self":[{"href":"https:\/\/saintremaclestavelot.be\/secondaire\/wp-json\/wp\/v2\/posts\/5013","targetHints":{"allow":["GET"]}}],"collection":[{"href":"https:\/\/saintremaclestavelot.be\/secondaire\/wp-json\/wp\/v2\/posts"}],"about":[{"href":"https:\/\/saintremaclestavelot.be\/secondaire\/wp-json\/wp\/v2\/types\/post"}],"author":[{"embeddable":true,"href":"https:\/\/saintremaclestavelot.be\/secondaire\/wp-json\/wp\/v2\/users\/2"}],"replies":[{"embeddable":true,"href":"https:\/\/saintremaclestavelot.be\/secondaire\/wp-json\/wp\/v2\/comments?post=5013"}],"version-history":[{"count":1,"href":"https:\/\/saintremaclestavelot.be\/secondaire\/wp-json\/wp\/v2\/posts\/5013\/revisions"}],"predecessor-version":[{"id":6991,"href":"https:\/\/saintremaclestavelot.be\/secondaire\/wp-json\/wp\/v2\/posts\/5013\/revisions\/6991"}],"wp:featuredmedia":[{"embeddable":true,"href":"https:\/\/saintremaclestavelot.be\/secondaire\/wp-json\/wp\/v2\/media\/5014"}],"wp:attachment":[{"href":"https:\/\/saintremaclestavelot.be\/secondaire\/wp-json\/wp\/v2\/media?parent=5013"}],"wp:term":[{"taxonomy":"category","embeddable":true,"href":"https:\/\/saintremaclestavelot.be\/secondaire\/wp-json\/wp\/v2\/categories?post=5013"},{"taxonomy":"post_tag","embeddable":true,"href":"https:\/\/saintremaclestavelot.be\/secondaire\/wp-json\/wp\/v2\/tags?post=5013"}],"curies":[{"name":"wp","href":"https:\/\/api.w.org\/{rel}","templated":true}]}}